{"id":273,"date":"2018-08-10T09:56:43","date_gmt":"2018-08-10T07:56:43","guid":{"rendered":"http:\/\/www.senouire.it\/wps\/?p=273"},"modified":"2020-03-16T10:16:35","modified_gmt":"2020-03-16T09:16:35","slug":"per-aziende","status":"publish","type":"post","link":"https:\/\/le4vele.it\/wps\/per-aziende\/","title":{"rendered":"PER AZIENDE"},"content":{"rendered":"<div class=\"corpo-testo\"><strong>Il progetto mette in relazione alcuni aspetti delle competenze di <a href=\"http:\/\/www.amalficoastvintage.it\/wps\/angelo\/\"><font color=\"red\">Angelo<\/font><\/a>, ovvero, la capacit\u00e0 di intervistare e stimolare su tematiche legate al mondo dell\u2019innovazione e della creativit\u00e0 in generale, la capacit\u00e0 di realizzare materialmente ci\u00f2 che progetta grazie alla conoscenza di tecniche costruttive.<br \/>\nPremesso che la barca a vela necessit\u00e0 di gioco di squadra e quindi di collaborazione e spesso \u00e8 occasione di confronto su come affrontare specifiche situazioni al fine di far andare la barca nella direzione voluta con il vento che c\u2019\u00e8 a disposizione, questo progetto parte proprio da questa necessit\u00e0 di interazione e confronto, a volte anche aspro e duro, per sviscerare idee e spunti in ambito innovativo anche se non necessariamente legati al mare.<br \/>\nInfatti Sulla barca a vela cos\u00ec come in un qualsiasi gruppo c\u2019\u00e8 il leader che \u00e8 la persona che porta il gruppo a raggiungere il suo obiettivo. <font color=\"nero\">Tutti possiamo essere leader<\/font> a seconda delle situazioni in cui ci troviamo e scegliere uno stile direttivo.<br \/>\nLo stile direttivo \u00e8 riscontrabile in quelle situazioni ove il leader assume su di s\u00e9 tutte le <font color=\"nero\">responsabilit\u00e0<\/font> decisionali. Il gruppo, in questo caso, non ha alcuna possibilit\u00e0 di influenzare la sua volont\u00e0, pressoch\u00e9 assoluta. Lo stile persuasivo \u00e8 proprio di quel leader che desidera coinvolgere nel <font color=\"nero\">processo decisionale<\/font> i componenti del gruppo, riservandosi la decisione finale.Quando il leader, in rapporto al <font color=\"nero\">gruppo<\/font>, non \u00e8 che un \u201cprius inter pares\u201d, allora il suo stile viene definito partecipativo. Il leader che affida alle decisioni del gruppo la scelta degli <font color=\"nero\">obiettivi<\/font> e le modalit\u00e0 per conseguirli, \u00e8 caratterizzato da uno stile elegante.<br \/>\nCiascuno di questi quattro stili non \u00e8 giusto o sbagliato di per s\u00e9. Essi presentano <font color=\"nero\">vantaggi e svantaggi<\/font>, limiti e aspetti positivi. Ciascuno di noi adotta, come stile prevalente, uno di questi quattro stili fondamentali o una loro combinazione. In barca a vela come nella gestione di un\u2019impresa bisogna saperli adottare tutti, in rapporto al livello di maturit\u00e0, professionalit\u00e0, responsabilit\u00e0 e <font color=\"nero\">motivazione del gruppo<\/font>. Insomma, lo stile di leadership deve essere adattato alla situazione.<br \/>\nLa varca a vela aiuta a comprendere come gestire un gruppo nel quale ci sono sempre aspetti emotivi, <font color=\"nero\">psicologici<\/font>, e aspetti di contenuto e cognitivi, che appartengono alle singole persone e che essendo presenti in ognuno di noi creano delle dinamiche di gruppo di cui bisogna tener conto. In barca a vela come in ogni gruppo \u00e8 importante darsi dei ruoli e degli <font color=\"nero\">obiettivi<\/font>, pi\u00f9 che delle regole e dei mansionari, perch\u00e8 far gruppo serve a creare <font color=\"nero\">interazioni<\/font> che aumentino la performance riducendo stress e competizione inutile. le <font color=\"nero\">dinamiche<\/font> del gruppo si materializzano come conflitti, questioni territoriali, rapporti di influenza, relazioni tra leader e follower, sindrome del <font color=\"nero\">capro espiatorio<\/font>.<br \/>\nPer condurre una barca a vela occorre <font color=\"nero\">sinergia<\/font> che \u00e8 un fenomeno meraviglioso quando avviene. Ha del miracoloso. Infatti fa in modo che uno pi\u00f9 uno faccia <font color=\"nero\">almeno tre<\/font>.<br \/>\nE perch\u00e8? Perch\u00e8 si somma la <font color=\"nero\">personalit\u00e0<\/font> di un individuo all\u2019interazione che permette di raggiungere <font color=\"nero\">problem solving<\/font> di qualit\u00e0 e produrre un risultato che \u00e8 maggiore della somma dei singoli elementi.<br \/>\n&nbsp;<br \/>\n<img decoding=\"async\" loading=\"lazy\" src=\"http:\/\/www.angelosoldani.com\/wp-content\/uploads\/2017\/02\/pausa1.jpg\" alt=\"\" width=\"358\" height=\"50\" class=\"aligncenter size-full wp-image-355\" \/><br \/>\n&nbsp;<br \/>\nQuindi faremo delle veleggiate, sosteremo sotto costa e faremo il bagno sia navigando a vela che in stazionamento. Mangeremo a bordo cucinando assieme.<br \/>\nI temi che saranno trattati saranno legati al rapporto tra produzione ed economia ovvero come rendere i progetti sostenibili e realizzabili rispettando l\u2019idea progettuale ma compatibili con le richieste di mercato. Ovviamente le tematiche possono esser anche concordate preventivamente e modificate con almeno 3 giorni di anticipo.<\/strong><\/div>\n<p>&nbsp;<\/p>\n<div class=\"blink_text\" ><a href=\"http:\/\/www.le4vele.it\/wps\/imbarchi\/\">verifica disponibilita&#8216; imbarcazione<\/a><\/span><\/div>\n<style type=\"text\/css\">\n.blink_text {\nanimation:1s blinker linear infinite;\n-webkit-animation:1s blinker linear infinite;\n-moz-animation:1s blinker linear infinite;\ncolor: #00f;\nfont-size:18px;\nfont-weight:bold;\n}\n.blink_text a {color:#f00;}\n@-moz-keyframes blinker { \n0% { opacity: 1.0; }\n50% { opacity: 0.0; }\n100% { opacity: 1.0; }\n}\n@-webkit-keyframes blinker { \n0% { opacity: 1.0; }\n50% { opacity: 0.0; }\n100% { opacity: 1.0; }\n}\n@keyframes blinker { \n0% { opacity: 1.0; }\n50% { opacity: 0.0; }\n100% { opacity: 1.0; }\n}\n<\/style>\n","protected":false},"excerpt":{"rendered":"<p>Il progetto mette in relazione alcuni aspetti delle competenze di Angelo, ovvero, la capacit\u00e0 di intervistare e stimolare su tematiche legate al mondo dell\u2019innovazione e della creativit\u00e0 in generale, la <a class=\"more-link\" href=\"https:\/\/le4vele.it\/wps\/per-aziende\/\">Continue Reading &amp;rarr;<\/a><\/p>\n","protected":false},"author":5,"featured_media":274,"comment_status":"closed","ping_status":"open","sticky":false,"template":"","format":"standard","meta":{"_monsterinsights_skip_tracking":false,"_monsterinsights_sitenote_active":false,"_monsterinsights_sitenote_note":"","_monsterinsights_sitenote_category":0},"categories":[1],"tags":[],"_links":{"self":[{"href":"https:\/\/le4vele.it\/wps\/wp-json\/wp\/v2\/posts\/273"}],"collection":[{"href":"https:\/\/le4vele.it\/wps\/wp-json\/wp\/v2\/posts"}],"about":[{"href":"https:\/\/le4vele.it\/wps\/wp-json\/wp\/v2\/types\/post"}],"author":[{"embeddable":true,"href":"https:\/\/le4vele.it\/wps\/wp-json\/wp\/v2\/users\/5"}],"replies":[{"embeddable":true,"href":"https:\/\/le4vele.it\/wps\/wp-json\/wp\/v2\/comments?post=273"}],"version-history":[{"count":19,"href":"https:\/\/le4vele.it\/wps\/wp-json\/wp\/v2\/posts\/273\/revisions"}],"predecessor-version":[{"id":1035,"href":"https:\/\/le4vele.it\/wps\/wp-json\/wp\/v2\/posts\/273\/revisions\/1035"}],"wp:featuredmedia":[{"embeddable":true,"href":"https:\/\/le4vele.it\/wps\/wp-json\/wp\/v2\/media\/274"}],"wp:attachment":[{"href":"https:\/\/le4vele.it\/wps\/wp-json\/wp\/v2\/media?parent=273"}],"wp:term":[{"taxonomy":"category","embeddable":true,"href":"https:\/\/le4vele.it\/wps\/wp-json\/wp\/v2\/categories?post=273"},{"taxonomy":"post_tag","embeddable":true,"href":"https:\/\/le4vele.it\/wps\/wp-json\/wp\/v2\/tags?post=273"}],"curies":[{"name":"wp","href":"https:\/\/api.w.org\/{rel}","templated":true}]}}